{"id":368,"date":"2023-05-25T15:12:23","date_gmt":"2023-05-25T13:12:23","guid":{"rendered":"https:\/\/www.snitem.fr\/sport-et-handicap\/?p=368"},"modified":"2023-07-21T14:52:09","modified_gmt":"2023-07-21T12:52:09","slug":"sport-et-handicap-un-partenariat-inedit","status":"publish","type":"post","link":"https:\/\/www.snitem.fr\/sport-et-handicap\/2023\/05\/25\/sport-et-handicap-un-partenariat-inedit\/","title":{"rendered":"Sport &#038; Handicap : un partenariat in\u00e9dit !"},"content":{"rendered":"\n<p><\/p>\n\n\n\n<p><strong>Le Snitem  et 17 entreprises adh\u00e9rentes mobilis\u00e9es lancent le programme de soutien \u00ab Sport &amp; Handicap by Snitem \u00bb aupr\u00e8s de 16 para-athl\u00e8tes.<\/strong><\/p>\n\n\n\n<p>Le programme \u00ab&nbsp;Sport &amp; Handicap&nbsp;by Snitem \u00bb a \u00e9t\u00e9 mis en place pour soutenir des para-athl\u00e8tes de haut niveau afin de cr\u00e9er et faire vivre une communaut\u00e9 engag\u00e9e autour du projet, de renforcer la visibilit\u00e9 de la fili\u00e8re des dispositifs m\u00e9dicaux, mais aussi de faire \u00e9voluer les technologies m\u00e9dicales notamment pour les parasportifs. En effet, le d\u00e9veloppement des technologies m\u00e9dicales pour les pratiques sportives de haut niveau contribue \u00e0 am\u00e9liorer la connaissance scientifique, les performances des athl\u00e8tes et le niveau technologique des dispositifs m\u00e9dicaux.<\/p>\n\n\n\n<p><a href=\"https:\/\/www.snitem.fr\/sport-et-handicap\/wp-content\/uploads\/2023\/05\/25.05.23_CP_Programme-Sport-Handicap-1.pdf\">T\u00e9l\u00e9charger le communiqu\u00e9 de presse<\/a><\/p>\n\n\n\n<p><\/p>\n","protected":false},"excerpt":{"rendered":"<p>Le Snitem et 17 entreprises adh\u00e9rentes mobilis\u00e9es lancent le programme de soutien \u00ab Sport &amp; Handicap by Snitem \u00bb aupr\u00e8s de 16 para-athl\u00e8tes. Le programme \u00ab&nbsp;Sport &amp; Handicap&nbsp;by Snitem \u00bb a \u00e9t\u00e9 mis en place pour soutenir des para-athl\u00e8tes de haut niveau afin de cr\u00e9er et faire vivre une communaut\u00e9 engag\u00e9e autour du projet, de &hellip;<\/p>\n","protected":false},"author":2,"featured_media":373,"comment_status":"open","ping_status":"open","sticky":false,"template":"","format":"standard","meta":{"_acf_changed":false,"footnotes":""},"categories":[1],"tags":[],"class_list":["post-368","post","type-post","status-publish","format-standard","has-post-thumbnail","hentry","category-non-classe"],"acf":[],"yoast_head":"<!-- This site is optimized with the Yoast SEO plugin v27.5 - https:\/\/yoast.com\/product\/yoast-seo-wordpress\/ -->\n<title>Sport &amp; Handicap : un partenariat in\u00e9dit ! - Sport et handicap<\/title>\n<meta name=\"robots\" content=\"index, follow, max-snippet:-1, max-image-preview:large, max-video-preview:-1\" \/>\n<link rel=\"canonical\" href=\"https:\/\/www.snitem.fr\/sport-et-handicap\/2023\/05\/25\/sport-et-handicap-un-partenariat-inedit\/\" \/>\n<meta property=\"og:locale\" content=\"fr_FR\" \/>\n<meta property=\"og:type\" content=\"article\" \/>\n<meta property=\"og:title\" content=\"Sport &amp; Handicap : un partenariat in\u00e9dit ! - Sport et handicap\" \/>\n<meta property=\"og:description\" content=\"Le Snitem et 17 entreprises adh\u00e9rentes mobilis\u00e9es lancent le programme de soutien \u00ab Sport &amp; Handicap by Snitem \u00bb aupr\u00e8s de 16 para-athl\u00e8tes. Le programme \u00ab&nbsp;Sport &amp; Handicap&nbsp;by Snitem \u00bb a \u00e9t\u00e9 mis en place pour soutenir des para-athl\u00e8tes de haut niveau afin de cr\u00e9er et faire vivre une communaut\u00e9 engag\u00e9e autour du projet, de &hellip;\" \/>\n<meta property=\"og:url\" content=\"https:\/\/www.snitem.fr\/sport-et-handicap\/2023\/05\/25\/sport-et-handicap-un-partenariat-inedit\/\" \/>\n<meta property=\"og:site_name\" content=\"Sport et handicap\" \/>\n<meta property=\"article:published_time\" content=\"2023-05-25T13:12:23+00:00\" \/>\n<meta property=\"article:modified_time\" content=\"2023-07-21T12:52:09+00:00\" \/>\n<meta property=\"og:image\" content=\"https:\/\/www.snitem.fr\/sport-et-handicap\/wp-content\/uploads\/2023\/05\/Design-sans-titre4.png\" \/>\n\t<meta property=\"og:image:width\" content=\"430\" \/>\n\t<meta property=\"og:image:height\" content=\"300\" \/>\n\t<meta property=\"og:image:type\" content=\"image\/png\" \/>\n<meta name=\"author\" content=\"Natalie Allard\" \/>\n<meta name=\"twitter:card\" content=\"summary_large_image\" \/>\n<meta name=\"twitter:label1\" content=\"\u00c9crit par\" \/>\n\t<meta name=\"twitter:data1\" content=\"Natalie Allard\" \/>\n\t<meta name=\"twitter:label2\" content=\"Dur\u00e9e de lecture estim\u00e9e\" \/>\n\t<meta name=\"twitter:data2\" content=\"1 minute\" \/>\n<script type=\"application\/ld+json\" class=\"yoast-schema-graph\">{\"@context\":\"https:\\\/\\\/schema.org\",\"@graph\":[{\"@type\":\"Article\",\"@id\":\"https:\\\/\\\/www.snitem.fr\\\/sport-et-handicap\\\/2023\\\/05\\\/25\\\/sport-et-handicap-un-partenariat-inedit\\\/#article\",\"isPartOf\":{\"@id\":\"https:\\\/\\\/www.snitem.fr\\\/sport-et-handicap\\\/2023\\\/05\\\/25\\\/sport-et-handicap-un-partenariat-inedit\\\/\"},\"author\":{\"name\":\"Natalie Allard\",\"@id\":\"http:\\\/\\\/snitemhandi.illisite.info\\\/#\\\/schema\\\/person\\\/360c22827d6c0f28dc208f1b49816082\"},\"headline\":\"Sport &#038; Handicap : un partenariat in\u00e9dit !\",\"datePublished\":\"2023-05-25T13:12:23+00:00\",\"dateModified\":\"2023-07-21T12:52:09+00:00\",\"mainEntityOfPage\":{\"@id\":\"https:\\\/\\\/www.snitem.fr\\\/sport-et-handicap\\\/2023\\\/05\\\/25\\\/sport-et-handicap-un-partenariat-inedit\\\/\"},\"wordCount\":132,\"commentCount\":0,\"image\":{\"@id\":\"https:\\\/\\\/www.snitem.fr\\\/sport-et-handicap\\\/2023\\\/05\\\/25\\\/sport-et-handicap-un-partenariat-inedit\\\/#primaryimage\"},\"thumbnailUrl\":\"https:\\\/\\\/www.snitem.fr\\\/sport-et-handicap\\\/wp-content\\\/uploads\\\/2023\\\/05\\\/Design-sans-titre4.png\",\"inLanguage\":\"fr-FR\",\"potentialAction\":[{\"@type\":\"CommentAction\",\"name\":\"Comment\",\"target\":[\"https:\\\/\\\/www.snitem.fr\\\/sport-et-handicap\\\/2023\\\/05\\\/25\\\/sport-et-handicap-un-partenariat-inedit\\\/#respond\"]}]},{\"@type\":\"WebPage\",\"@id\":\"https:\\\/\\\/www.snitem.fr\\\/sport-et-handicap\\\/2023\\\/05\\\/25\\\/sport-et-handicap-un-partenariat-inedit\\\/\",\"url\":\"https:\\\/\\\/www.snitem.fr\\\/sport-et-handicap\\\/2023\\\/05\\\/25\\\/sport-et-handicap-un-partenariat-inedit\\\/\",\"name\":\"Sport & Handicap : un partenariat in\u00e9dit ! - Sport et handicap\",\"isPartOf\":{\"@id\":\"http:\\\/\\\/snitemhandi.illisite.info\\\/#website\"},\"primaryImageOfPage\":{\"@id\":\"https:\\\/\\\/www.snitem.fr\\\/sport-et-handicap\\\/2023\\\/05\\\/25\\\/sport-et-handicap-un-partenariat-inedit\\\/#primaryimage\"},\"image\":{\"@id\":\"https:\\\/\\\/www.snitem.fr\\\/sport-et-handicap\\\/2023\\\/05\\\/25\\\/sport-et-handicap-un-partenariat-inedit\\\/#primaryimage\"},\"thumbnailUrl\":\"https:\\\/\\\/www.snitem.fr\\\/sport-et-handicap\\\/wp-content\\\/uploads\\\/2023\\\/05\\\/Design-sans-titre4.png\",\"datePublished\":\"2023-05-25T13:12:23+00:00\",\"dateModified\":\"2023-07-21T12:52:09+00:00\",\"author\":{\"@id\":\"http:\\\/\\\/snitemhandi.illisite.info\\\/#\\\/schema\\\/person\\\/360c22827d6c0f28dc208f1b49816082\"},\"breadcrumb\":{\"@id\":\"https:\\\/\\\/www.snitem.fr\\\/sport-et-handicap\\\/2023\\\/05\\\/25\\\/sport-et-handicap-un-partenariat-inedit\\\/#breadcrumb\"},\"inLanguage\":\"fr-FR\",\"potentialAction\":[{\"@type\":\"ReadAction\",\"target\":[\"https:\\\/\\\/www.snitem.fr\\\/sport-et-handicap\\\/2023\\\/05\\\/25\\\/sport-et-handicap-un-partenariat-inedit\\\/\"]}]},{\"@type\":\"ImageObject\",\"inLanguage\":\"fr-FR\",\"@id\":\"https:\\\/\\\/www.snitem.fr\\\/sport-et-handicap\\\/2023\\\/05\\\/25\\\/sport-et-handicap-un-partenariat-inedit\\\/#primaryimage\",\"url\":\"https:\\\/\\\/www.snitem.fr\\\/sport-et-handicap\\\/wp-content\\\/uploads\\\/2023\\\/05\\\/Design-sans-titre4.png\",\"contentUrl\":\"https:\\\/\\\/www.snitem.fr\\\/sport-et-handicap\\\/wp-content\\\/uploads\\\/2023\\\/05\\\/Design-sans-titre4.png\",\"width\":430,\"height\":300},{\"@type\":\"BreadcrumbList\",\"@id\":\"https:\\\/\\\/www.snitem.fr\\\/sport-et-handicap\\\/2023\\\/05\\\/25\\\/sport-et-handicap-un-partenariat-inedit\\\/#breadcrumb\",\"itemListElement\":[{\"@type\":\"ListItem\",\"position\":1,\"name\":\"Accueil\",\"item\":\"https:\\\/\\\/www.snitem.fr\\\/sport-et-handicap\\\/\"},{\"@type\":\"ListItem\",\"position\":2,\"name\":\"Sport &#038; Handicap : un partenariat in\u00e9dit !\"}]},{\"@type\":\"WebSite\",\"@id\":\"http:\\\/\\\/snitemhandi.illisite.info\\\/#website\",\"url\":\"http:\\\/\\\/snitemhandi.illisite.info\\\/\",\"name\":\"Sport et handicap\",\"description\":\"\",\"potentialAction\":[{\"@type\":\"SearchAction\",\"target\":{\"@type\":\"EntryPoint\",\"urlTemplate\":\"http:\\\/\\\/snitemhandi.illisite.info\\\/?s={search_term_string}\"},\"query-input\":{\"@type\":\"PropertyValueSpecification\",\"valueRequired\":true,\"valueName\":\"search_term_string\"}}],\"inLanguage\":\"fr-FR\"},{\"@type\":\"Person\",\"@id\":\"http:\\\/\\\/snitemhandi.illisite.info\\\/#\\\/schema\\\/person\\\/360c22827d6c0f28dc208f1b49816082\",\"name\":\"Natalie Allard\",\"image\":{\"@type\":\"ImageObject\",\"inLanguage\":\"fr-FR\",\"@id\":\"https:\\\/\\\/secure.gravatar.com\\\/avatar\\\/4389df78a04e9945458210d635c573ab7935dbcd5881650f77f46349aa03ffe4?s=96&d=mm&r=g\",\"url\":\"https:\\\/\\\/secure.gravatar.com\\\/avatar\\\/4389df78a04e9945458210d635c573ab7935dbcd5881650f77f46349aa03ffe4?s=96&d=mm&r=g\",\"contentUrl\":\"https:\\\/\\\/secure.gravatar.com\\\/avatar\\\/4389df78a04e9945458210d635c573ab7935dbcd5881650f77f46349aa03ffe4?s=96&d=mm&r=g\",\"caption\":\"Natalie Allard\"},\"url\":\"https:\\\/\\\/www.snitem.fr\\\/sport-et-handicap\\\/author\\\/natalie-allardsnitem-fr\\\/\"}]}<\/script>\n<!-- \/ Yoast SEO plugin. -->","yoast_head_json":{"title":"Sport & Handicap : un partenariat in\u00e9dit ! - Sport et handicap","robots":{"index":"index","follow":"follow","max-snippet":"max-snippet:-1","max-image-preview":"max-image-preview:large","max-video-preview":"max-video-preview:-1"},"canonical":"https:\/\/www.snitem.fr\/sport-et-handicap\/2023\/05\/25\/sport-et-handicap-un-partenariat-inedit\/","og_locale":"fr_FR","og_type":"article","og_title":"Sport & Handicap : un partenariat in\u00e9dit ! - Sport et handicap","og_description":"Le Snitem et 17 entreprises adh\u00e9rentes mobilis\u00e9es lancent le programme de soutien \u00ab Sport &amp; Handicap by Snitem \u00bb aupr\u00e8s de 16 para-athl\u00e8tes. Le programme \u00ab&nbsp;Sport &amp; Handicap&nbsp;by Snitem \u00bb a \u00e9t\u00e9 mis en place pour soutenir des para-athl\u00e8tes de haut niveau afin de cr\u00e9er et faire vivre une communaut\u00e9 engag\u00e9e autour du projet, de &hellip;","og_url":"https:\/\/www.snitem.fr\/sport-et-handicap\/2023\/05\/25\/sport-et-handicap-un-partenariat-inedit\/","og_site_name":"Sport et handicap","article_published_time":"2023-05-25T13:12:23+00:00","article_modified_time":"2023-07-21T12:52:09+00:00","og_image":[{"width":430,"height":300,"url":"https:\/\/www.snitem.fr\/sport-et-handicap\/wp-content\/uploads\/2023\/05\/Design-sans-titre4.png","type":"image\/png"}],"author":"Natalie Allard","twitter_card":"summary_large_image","twitter_misc":{"\u00c9crit par":"Natalie Allard","Dur\u00e9e de lecture estim\u00e9e":"1 minute"},"schema":{"@context":"https:\/\/schema.org","@graph":[{"@type":"Article","@id":"https:\/\/www.snitem.fr\/sport-et-handicap\/2023\/05\/25\/sport-et-handicap-un-partenariat-inedit\/#article","isPartOf":{"@id":"https:\/\/www.snitem.fr\/sport-et-handicap\/2023\/05\/25\/sport-et-handicap-un-partenariat-inedit\/"},"author":{"name":"Natalie Allard","@id":"http:\/\/snitemhandi.illisite.info\/#\/schema\/person\/360c22827d6c0f28dc208f1b49816082"},"headline":"Sport &#038; Handicap : un partenariat in\u00e9dit !","datePublished":"2023-05-25T13:12:23+00:00","dateModified":"2023-07-21T12:52:09+00:00","mainEntityOfPage":{"@id":"https:\/\/www.snitem.fr\/sport-et-handicap\/2023\/05\/25\/sport-et-handicap-un-partenariat-inedit\/"},"wordCount":132,"commentCount":0,"image":{"@id":"https:\/\/www.snitem.fr\/sport-et-handicap\/2023\/05\/25\/sport-et-handicap-un-partenariat-inedit\/#primaryimage"},"thumbnailUrl":"https:\/\/www.snitem.fr\/sport-et-handicap\/wp-content\/uploads\/2023\/05\/Design-sans-titre4.png","inLanguage":"fr-FR","potentialAction":[{"@type":"CommentAction","name":"Comment","target":["https:\/\/www.snitem.fr\/sport-et-handicap\/2023\/05\/25\/sport-et-handicap-un-partenariat-inedit\/#respond"]}]},{"@type":"WebPage","@id":"https:\/\/www.snitem.fr\/sport-et-handicap\/2023\/05\/25\/sport-et-handicap-un-partenariat-inedit\/","url":"https:\/\/www.snitem.fr\/sport-et-handicap\/2023\/05\/25\/sport-et-handicap-un-partenariat-inedit\/","name":"Sport & Handicap : un partenariat in\u00e9dit ! - Sport et handicap","isPartOf":{"@id":"http:\/\/snitemhandi.illisite.info\/#website"},"primaryImageOfPage":{"@id":"https:\/\/www.snitem.fr\/sport-et-handicap\/2023\/05\/25\/sport-et-handicap-un-partenariat-inedit\/#primaryimage"},"image":{"@id":"https:\/\/www.snitem.fr\/sport-et-handicap\/2023\/05\/25\/sport-et-handicap-un-partenariat-inedit\/#primaryimage"},"thumbnailUrl":"https:\/\/www.snitem.fr\/sport-et-handicap\/wp-content\/uploads\/2023\/05\/Design-sans-titre4.png","datePublished":"2023-05-25T13:12:23+00:00","dateModified":"2023-07-21T12:52:09+00:00","author":{"@id":"http:\/\/snitemhandi.illisite.info\/#\/schema\/person\/360c22827d6c0f28dc208f1b49816082"},"breadcrumb":{"@id":"https:\/\/www.snitem.fr\/sport-et-handicap\/2023\/05\/25\/sport-et-handicap-un-partenariat-inedit\/#breadcrumb"},"inLanguage":"fr-FR","potentialAction":[{"@type":"ReadAction","target":["https:\/\/www.snitem.fr\/sport-et-handicap\/2023\/05\/25\/sport-et-handicap-un-partenariat-inedit\/"]}]},{"@type":"ImageObject","inLanguage":"fr-FR","@id":"https:\/\/www.snitem.fr\/sport-et-handicap\/2023\/05\/25\/sport-et-handicap-un-partenariat-inedit\/#primaryimage","url":"https:\/\/www.snitem.fr\/sport-et-handicap\/wp-content\/uploads\/2023\/05\/Design-sans-titre4.png","contentUrl":"https:\/\/www.snitem.fr\/sport-et-handicap\/wp-content\/uploads\/2023\/05\/Design-sans-titre4.png","width":430,"height":300},{"@type":"BreadcrumbList","@id":"https:\/\/www.snitem.fr\/sport-et-handicap\/2023\/05\/25\/sport-et-handicap-un-partenariat-inedit\/#breadcrumb","itemListElement":[{"@type":"ListItem","position":1,"name":"Accueil","item":"https:\/\/www.snitem.fr\/sport-et-handicap\/"},{"@type":"ListItem","position":2,"name":"Sport &#038; Handicap : un partenariat in\u00e9dit !"}]},{"@type":"WebSite","@id":"http:\/\/snitemhandi.illisite.info\/#website","url":"http:\/\/snitemhandi.illisite.info\/","name":"Sport et handicap","description":"","potentialAction":[{"@type":"SearchAction","target":{"@type":"EntryPoint","urlTemplate":"http:\/\/snitemhandi.illisite.info\/?s={search_term_string}"},"query-input":{"@type":"PropertyValueSpecification","valueRequired":true,"valueName":"search_term_string"}}],"inLanguage":"fr-FR"},{"@type":"Person","@id":"http:\/\/snitemhandi.illisite.info\/#\/schema\/person\/360c22827d6c0f28dc208f1b49816082","name":"Natalie Allard","image":{"@type":"ImageObject","inLanguage":"fr-FR","@id":"https:\/\/secure.gravatar.com\/avatar\/4389df78a04e9945458210d635c573ab7935dbcd5881650f77f46349aa03ffe4?s=96&d=mm&r=g","url":"https:\/\/secure.gravatar.com\/avatar\/4389df78a04e9945458210d635c573ab7935dbcd5881650f77f46349aa03ffe4?s=96&d=mm&r=g","contentUrl":"https:\/\/secure.gravatar.com\/avatar\/4389df78a04e9945458210d635c573ab7935dbcd5881650f77f46349aa03ffe4?s=96&d=mm&r=g","caption":"Natalie Allard"},"url":"https:\/\/www.snitem.fr\/sport-et-handicap\/author\/natalie-allardsnitem-fr\/"}]}},"_links":{"self":[{"href":"https:\/\/www.snitem.fr\/sport-et-handicap\/wp-json\/wp\/v2\/posts\/368","targetHints":{"allow":["GET"]}}],"collection":[{"href":"https:\/\/www.snitem.fr\/sport-et-handicap\/wp-json\/wp\/v2\/posts"}],"about":[{"href":"https:\/\/www.snitem.fr\/sport-et-handicap\/wp-json\/wp\/v2\/types\/post"}],"author":[{"embeddable":true,"href":"https:\/\/www.snitem.fr\/sport-et-handicap\/wp-json\/wp\/v2\/users\/2"}],"replies":[{"embeddable":true,"href":"https:\/\/www.snitem.fr\/sport-et-handicap\/wp-json\/wp\/v2\/comments?post=368"}],"version-history":[{"count":5,"href":"https:\/\/www.snitem.fr\/sport-et-handicap\/wp-json\/wp\/v2\/posts\/368\/revisions"}],"predecessor-version":[{"id":413,"href":"https:\/\/www.snitem.fr\/sport-et-handicap\/wp-json\/wp\/v2\/posts\/368\/revisions\/413"}],"wp:featuredmedia":[{"embeddable":true,"href":"https:\/\/www.snitem.fr\/sport-et-handicap\/wp-json\/wp\/v2\/media\/373"}],"wp:attachment":[{"href":"https:\/\/www.snitem.fr\/sport-et-handicap\/wp-json\/wp\/v2\/media?parent=368"}],"wp:term":[{"taxonomy":"category","embeddable":true,"href":"https:\/\/www.snitem.fr\/sport-et-handicap\/wp-json\/wp\/v2\/categories?post=368"},{"taxonomy":"post_tag","embeddable":true,"href":"https:\/\/www.snitem.fr\/sport-et-handicap\/wp-json\/wp\/v2\/tags?post=368"}],"curies":[{"name":"wp","href":"https:\/\/api.w.org\/{rel}","templated":true}]}}