{"id":384,"date":"2023-07-10T14:24:39","date_gmt":"2023-07-10T12:24:39","guid":{"rendered":"https:\/\/www.snitem.fr\/sport-et-handicap\/?p=384"},"modified":"2023-07-10T19:51:05","modified_gmt":"2023-07-10T17:51:05","slug":"dm-et-handicap-linnovation-au-service-de-linclusion","status":"publish","type":"post","link":"https:\/\/www.snitem.fr\/sport-et-handicap\/2023\/07\/10\/dm-et-handicap-linnovation-au-service-de-linclusion\/","title":{"rendered":"DM, innovation, handicap et inclusion"},"content":{"rendered":"\n<p>Le colloque du 6 juillet dernier organis\u00e9 par le Snitem, dans l&rsquo;enceinte du Comit\u00e9 national olympique et sportif fran\u00e7ais, a \u00e9t\u00e9 l\u2019occasion de faire le point sur la situation et la prise en charge du handicap en France.<\/p>\n\n\n\n<p>Mais aussi, il a permis \u00e0 des patients et \u00e0 des para-sportifs de partager leurs exp\u00e9riences  : du handicap visible au handicap \u00ab\u00a0invisible\u00a0\u00bb, les entreprises du dispositif m\u00e9dical n&rsquo;ont de cesse de d\u00e9velopper des innovations pour am\u00e9liorer la vie des personnes en situation de handicap et permettre aux para-athl\u00e8te de performer !<\/p>\n\n\n\n<p>Les aspects financiers et l&rsquo;accessibilit\u00e9 aux innovations ont fait l\u2019objet de tables rondes, r\u00e9unissant tutelles, associations de patients et entreprises.<\/p>\n\n\n\n<p><strong>Si vous n&rsquo;\u00e9tiez pas l\u00e0, les replays sont disponibles !<\/strong><\/p>\n\n\n\n<p><\/p>\n\n\n\n<p><a href=\"https:\/\/snitem-colloque-handicap.eventmaker.io\/index\" target=\"_blank\" rel=\"noreferrer noopener\">Regarder les replays<\/a><\/p>\n","protected":false},"excerpt":{"rendered":"<p>Le colloque du 6 juillet dernier organis\u00e9 par le Snitem, dans l&rsquo;enceinte du Comit\u00e9 national olympique et sportif fran\u00e7ais, a \u00e9t\u00e9 l\u2019occasion de faire le point sur la situation et la prise en charge du handicap en France. Mais aussi, il a permis \u00e0 des patients et \u00e0 des para-sportifs de partager leurs exp\u00e9riences : &hellip;<\/p>\n","protected":false},"author":2,"featured_media":401,"comment_status":"open","ping_status":"open","sticky":false,"template":"","format":"standard","meta":{"_acf_changed":false,"footnotes":""},"categories":[1],"tags":[],"class_list":["post-384","post","type-post","status-publish","format-standard","has-post-thumbnail","hentry","category-non-classe"],"acf":[],"yoast_head":"<!-- This site is optimized with the Yoast SEO plugin v27.5 - https:\/\/yoast.com\/product\/yoast-seo-wordpress\/ -->\n<title>DM, innovation, handicap et inclusion - Sport et handicap<\/title>\n<meta name=\"robots\" content=\"index, follow, max-snippet:-1, max-image-preview:large, max-video-preview:-1\" \/>\n<link rel=\"canonical\" href=\"https:\/\/www.snitem.fr\/sport-et-handicap\/2023\/07\/10\/dm-et-handicap-linnovation-au-service-de-linclusion\/\" \/>\n<meta property=\"og:locale\" content=\"fr_FR\" \/>\n<meta property=\"og:type\" content=\"article\" \/>\n<meta property=\"og:title\" content=\"DM, innovation, handicap et inclusion - Sport et handicap\" \/>\n<meta property=\"og:description\" content=\"Le colloque du 6 juillet dernier organis\u00e9 par le Snitem, dans l&rsquo;enceinte du Comit\u00e9 national olympique et sportif fran\u00e7ais, a \u00e9t\u00e9 l\u2019occasion de faire le point sur la situation et la prise en charge du handicap en France. Mais aussi, il a permis \u00e0 des patients et \u00e0 des para-sportifs de partager leurs exp\u00e9riences : &hellip;\" \/>\n<meta property=\"og:url\" content=\"https:\/\/www.snitem.fr\/sport-et-handicap\/2023\/07\/10\/dm-et-handicap-linnovation-au-service-de-linclusion\/\" \/>\n<meta property=\"og:site_name\" content=\"Sport et handicap\" \/>\n<meta property=\"article:published_time\" content=\"2023-07-10T12:24:39+00:00\" \/>\n<meta property=\"article:modified_time\" content=\"2023-07-10T17:51:05+00:00\" \/>\n<meta property=\"og:image\" content=\"https:\/\/www.snitem.fr\/sport-et-handicap\/wp-content\/uploads\/2023\/07\/Visuel-site-S-H-300-X-200.png\" \/>\n\t<meta property=\"og:image:width\" content=\"300\" \/>\n\t<meta property=\"og:image:height\" content=\"200\" \/>\n\t<meta property=\"og:image:type\" content=\"image\/png\" \/>\n<meta name=\"author\" content=\"Natalie Allard\" \/>\n<meta name=\"twitter:card\" content=\"summary_large_image\" \/>\n<meta name=\"twitter:label1\" content=\"\u00c9crit par\" \/>\n\t<meta name=\"twitter:data1\" content=\"Natalie Allard\" \/>\n\t<meta name=\"twitter:label2\" content=\"Dur\u00e9e de lecture estim\u00e9e\" \/>\n\t<meta name=\"twitter:data2\" content=\"1 minute\" \/>\n<script type=\"application\/ld+json\" class=\"yoast-schema-graph\">{\"@context\":\"https:\\\/\\\/schema.org\",\"@graph\":[{\"@type\":\"Article\",\"@id\":\"https:\\\/\\\/www.snitem.fr\\\/sport-et-handicap\\\/2023\\\/07\\\/10\\\/dm-et-handicap-linnovation-au-service-de-linclusion\\\/#article\",\"isPartOf\":{\"@id\":\"https:\\\/\\\/www.snitem.fr\\\/sport-et-handicap\\\/2023\\\/07\\\/10\\\/dm-et-handicap-linnovation-au-service-de-linclusion\\\/\"},\"author\":{\"name\":\"Natalie Allard\",\"@id\":\"http:\\\/\\\/snitemhandi.illisite.info\\\/#\\\/schema\\\/person\\\/360c22827d6c0f28dc208f1b49816082\"},\"headline\":\"DM, innovation, handicap et inclusion\",\"datePublished\":\"2023-07-10T12:24:39+00:00\",\"dateModified\":\"2023-07-10T17:51:05+00:00\",\"mainEntityOfPage\":{\"@id\":\"https:\\\/\\\/www.snitem.fr\\\/sport-et-handicap\\\/2023\\\/07\\\/10\\\/dm-et-handicap-linnovation-au-service-de-linclusion\\\/\"},\"wordCount\":135,\"commentCount\":0,\"image\":{\"@id\":\"https:\\\/\\\/www.snitem.fr\\\/sport-et-handicap\\\/2023\\\/07\\\/10\\\/dm-et-handicap-linnovation-au-service-de-linclusion\\\/#primaryimage\"},\"thumbnailUrl\":\"https:\\\/\\\/www.snitem.fr\\\/sport-et-handicap\\\/wp-content\\\/uploads\\\/2023\\\/07\\\/Visuel-site-S-H-300-X-200.png\",\"inLanguage\":\"fr-FR\",\"potentialAction\":[{\"@type\":\"CommentAction\",\"name\":\"Comment\",\"target\":[\"https:\\\/\\\/www.snitem.fr\\\/sport-et-handicap\\\/2023\\\/07\\\/10\\\/dm-et-handicap-linnovation-au-service-de-linclusion\\\/#respond\"]}]},{\"@type\":\"WebPage\",\"@id\":\"https:\\\/\\\/www.snitem.fr\\\/sport-et-handicap\\\/2023\\\/07\\\/10\\\/dm-et-handicap-linnovation-au-service-de-linclusion\\\/\",\"url\":\"https:\\\/\\\/www.snitem.fr\\\/sport-et-handicap\\\/2023\\\/07\\\/10\\\/dm-et-handicap-linnovation-au-service-de-linclusion\\\/\",\"name\":\"DM, innovation, handicap et inclusion - Sport et handicap\",\"isPartOf\":{\"@id\":\"http:\\\/\\\/snitemhandi.illisite.info\\\/#website\"},\"primaryImageOfPage\":{\"@id\":\"https:\\\/\\\/www.snitem.fr\\\/sport-et-handicap\\\/2023\\\/07\\\/10\\\/dm-et-handicap-linnovation-au-service-de-linclusion\\\/#primaryimage\"},\"image\":{\"@id\":\"https:\\\/\\\/www.snitem.fr\\\/sport-et-handicap\\\/2023\\\/07\\\/10\\\/dm-et-handicap-linnovation-au-service-de-linclusion\\\/#primaryimage\"},\"thumbnailUrl\":\"https:\\\/\\\/www.snitem.fr\\\/sport-et-handicap\\\/wp-content\\\/uploads\\\/2023\\\/07\\\/Visuel-site-S-H-300-X-200.png\",\"datePublished\":\"2023-07-10T12:24:39+00:00\",\"dateModified\":\"2023-07-10T17:51:05+00:00\",\"author\":{\"@id\":\"http:\\\/\\\/snitemhandi.illisite.info\\\/#\\\/schema\\\/person\\\/360c22827d6c0f28dc208f1b49816082\"},\"breadcrumb\":{\"@id\":\"https:\\\/\\\/www.snitem.fr\\\/sport-et-handicap\\\/2023\\\/07\\\/10\\\/dm-et-handicap-linnovation-au-service-de-linclusion\\\/#breadcrumb\"},\"inLanguage\":\"fr-FR\",\"potentialAction\":[{\"@type\":\"ReadAction\",\"target\":[\"https:\\\/\\\/www.snitem.fr\\\/sport-et-handicap\\\/2023\\\/07\\\/10\\\/dm-et-handicap-linnovation-au-service-de-linclusion\\\/\"]}]},{\"@type\":\"ImageObject\",\"inLanguage\":\"fr-FR\",\"@id\":\"https:\\\/\\\/www.snitem.fr\\\/sport-et-handicap\\\/2023\\\/07\\\/10\\\/dm-et-handicap-linnovation-au-service-de-linclusion\\\/#primaryimage\",\"url\":\"https:\\\/\\\/www.snitem.fr\\\/sport-et-handicap\\\/wp-content\\\/uploads\\\/2023\\\/07\\\/Visuel-site-S-H-300-X-200.png\",\"contentUrl\":\"https:\\\/\\\/www.snitem.fr\\\/sport-et-handicap\\\/wp-content\\\/uploads\\\/2023\\\/07\\\/Visuel-site-S-H-300-X-200.png\",\"width\":300,\"height\":200},{\"@type\":\"BreadcrumbList\",\"@id\":\"https:\\\/\\\/www.snitem.fr\\\/sport-et-handicap\\\/2023\\\/07\\\/10\\\/dm-et-handicap-linnovation-au-service-de-linclusion\\\/#breadcrumb\",\"itemListElement\":[{\"@type\":\"ListItem\",\"position\":1,\"name\":\"Accueil\",\"item\":\"https:\\\/\\\/www.snitem.fr\\\/sport-et-handicap\\\/\"},{\"@type\":\"ListItem\",\"position\":2,\"name\":\"DM, innovation, handicap et inclusion\"}]},{\"@type\":\"WebSite\",\"@id\":\"http:\\\/\\\/snitemhandi.illisite.info\\\/#website\",\"url\":\"http:\\\/\\\/snitemhandi.illisite.info\\\/\",\"name\":\"Sport et handicap\",\"description\":\"\",\"potentialAction\":[{\"@type\":\"SearchAction\",\"target\":{\"@type\":\"EntryPoint\",\"urlTemplate\":\"http:\\\/\\\/snitemhandi.illisite.info\\\/?s={search_term_string}\"},\"query-input\":{\"@type\":\"PropertyValueSpecification\",\"valueRequired\":true,\"valueName\":\"search_term_string\"}}],\"inLanguage\":\"fr-FR\"},{\"@type\":\"Person\",\"@id\":\"http:\\\/\\\/snitemhandi.illisite.info\\\/#\\\/schema\\\/person\\\/360c22827d6c0f28dc208f1b49816082\",\"name\":\"Natalie Allard\",\"image\":{\"@type\":\"ImageObject\",\"inLanguage\":\"fr-FR\",\"@id\":\"https:\\\/\\\/secure.gravatar.com\\\/avatar\\\/4389df78a04e9945458210d635c573ab7935dbcd5881650f77f46349aa03ffe4?s=96&d=mm&r=g\",\"url\":\"https:\\\/\\\/secure.gravatar.com\\\/avatar\\\/4389df78a04e9945458210d635c573ab7935dbcd5881650f77f46349aa03ffe4?s=96&d=mm&r=g\",\"contentUrl\":\"https:\\\/\\\/secure.gravatar.com\\\/avatar\\\/4389df78a04e9945458210d635c573ab7935dbcd5881650f77f46349aa03ffe4?s=96&d=mm&r=g\",\"caption\":\"Natalie Allard\"},\"url\":\"https:\\\/\\\/www.snitem.fr\\\/sport-et-handicap\\\/author\\\/natalie-allardsnitem-fr\\\/\"}]}<\/script>\n<!-- \/ Yoast SEO plugin. -->","yoast_head_json":{"title":"DM, innovation, handicap et inclusion - Sport et handicap","robots":{"index":"index","follow":"follow","max-snippet":"max-snippet:-1","max-image-preview":"max-image-preview:large","max-video-preview":"max-video-preview:-1"},"canonical":"https:\/\/www.snitem.fr\/sport-et-handicap\/2023\/07\/10\/dm-et-handicap-linnovation-au-service-de-linclusion\/","og_locale":"fr_FR","og_type":"article","og_title":"DM, innovation, handicap et inclusion - Sport et handicap","og_description":"Le colloque du 6 juillet dernier organis\u00e9 par le Snitem, dans l&rsquo;enceinte du Comit\u00e9 national olympique et sportif fran\u00e7ais, a \u00e9t\u00e9 l\u2019occasion de faire le point sur la situation et la prise en charge du handicap en France. Mais aussi, il a permis \u00e0 des patients et \u00e0 des para-sportifs de partager leurs exp\u00e9riences : &hellip;","og_url":"https:\/\/www.snitem.fr\/sport-et-handicap\/2023\/07\/10\/dm-et-handicap-linnovation-au-service-de-linclusion\/","og_site_name":"Sport et handicap","article_published_time":"2023-07-10T12:24:39+00:00","article_modified_time":"2023-07-10T17:51:05+00:00","og_image":[{"width":300,"height":200,"url":"https:\/\/www.snitem.fr\/sport-et-handicap\/wp-content\/uploads\/2023\/07\/Visuel-site-S-H-300-X-200.png","type":"image\/png"}],"author":"Natalie Allard","twitter_card":"summary_large_image","twitter_misc":{"\u00c9crit par":"Natalie Allard","Dur\u00e9e de lecture estim\u00e9e":"1 minute"},"schema":{"@context":"https:\/\/schema.org","@graph":[{"@type":"Article","@id":"https:\/\/www.snitem.fr\/sport-et-handicap\/2023\/07\/10\/dm-et-handicap-linnovation-au-service-de-linclusion\/#article","isPartOf":{"@id":"https:\/\/www.snitem.fr\/sport-et-handicap\/2023\/07\/10\/dm-et-handicap-linnovation-au-service-de-linclusion\/"},"author":{"name":"Natalie Allard","@id":"http:\/\/snitemhandi.illisite.info\/#\/schema\/person\/360c22827d6c0f28dc208f1b49816082"},"headline":"DM, innovation, handicap et inclusion","datePublished":"2023-07-10T12:24:39+00:00","dateModified":"2023-07-10T17:51:05+00:00","mainEntityOfPage":{"@id":"https:\/\/www.snitem.fr\/sport-et-handicap\/2023\/07\/10\/dm-et-handicap-linnovation-au-service-de-linclusion\/"},"wordCount":135,"commentCount":0,"image":{"@id":"https:\/\/www.snitem.fr\/sport-et-handicap\/2023\/07\/10\/dm-et-handicap-linnovation-au-service-de-linclusion\/#primaryimage"},"thumbnailUrl":"https:\/\/www.snitem.fr\/sport-et-handicap\/wp-content\/uploads\/2023\/07\/Visuel-site-S-H-300-X-200.png","inLanguage":"fr-FR","potentialAction":[{"@type":"CommentAction","name":"Comment","target":["https:\/\/www.snitem.fr\/sport-et-handicap\/2023\/07\/10\/dm-et-handicap-linnovation-au-service-de-linclusion\/#respond"]}]},{"@type":"WebPage","@id":"https:\/\/www.snitem.fr\/sport-et-handicap\/2023\/07\/10\/dm-et-handicap-linnovation-au-service-de-linclusion\/","url":"https:\/\/www.snitem.fr\/sport-et-handicap\/2023\/07\/10\/dm-et-handicap-linnovation-au-service-de-linclusion\/","name":"DM, innovation, handicap et inclusion - Sport et handicap","isPartOf":{"@id":"http:\/\/snitemhandi.illisite.info\/#website"},"primaryImageOfPage":{"@id":"https:\/\/www.snitem.fr\/sport-et-handicap\/2023\/07\/10\/dm-et-handicap-linnovation-au-service-de-linclusion\/#primaryimage"},"image":{"@id":"https:\/\/www.snitem.fr\/sport-et-handicap\/2023\/07\/10\/dm-et-handicap-linnovation-au-service-de-linclusion\/#primaryimage"},"thumbnailUrl":"https:\/\/www.snitem.fr\/sport-et-handicap\/wp-content\/uploads\/2023\/07\/Visuel-site-S-H-300-X-200.png","datePublished":"2023-07-10T12:24:39+00:00","dateModified":"2023-07-10T17:51:05+00:00","author":{"@id":"http:\/\/snitemhandi.illisite.info\/#\/schema\/person\/360c22827d6c0f28dc208f1b49816082"},"breadcrumb":{"@id":"https:\/\/www.snitem.fr\/sport-et-handicap\/2023\/07\/10\/dm-et-handicap-linnovation-au-service-de-linclusion\/#breadcrumb"},"inLanguage":"fr-FR","potentialAction":[{"@type":"ReadAction","target":["https:\/\/www.snitem.fr\/sport-et-handicap\/2023\/07\/10\/dm-et-handicap-linnovation-au-service-de-linclusion\/"]}]},{"@type":"ImageObject","inLanguage":"fr-FR","@id":"https:\/\/www.snitem.fr\/sport-et-handicap\/2023\/07\/10\/dm-et-handicap-linnovation-au-service-de-linclusion\/#primaryimage","url":"https:\/\/www.snitem.fr\/sport-et-handicap\/wp-content\/uploads\/2023\/07\/Visuel-site-S-H-300-X-200.png","contentUrl":"https:\/\/www.snitem.fr\/sport-et-handicap\/wp-content\/uploads\/2023\/07\/Visuel-site-S-H-300-X-200.png","width":300,"height":200},{"@type":"BreadcrumbList","@id":"https:\/\/www.snitem.fr\/sport-et-handicap\/2023\/07\/10\/dm-et-handicap-linnovation-au-service-de-linclusion\/#breadcrumb","itemListElement":[{"@type":"ListItem","position":1,"name":"Accueil","item":"https:\/\/www.snitem.fr\/sport-et-handicap\/"},{"@type":"ListItem","position":2,"name":"DM, innovation, handicap et inclusion"}]},{"@type":"WebSite","@id":"http:\/\/snitemhandi.illisite.info\/#website","url":"http:\/\/snitemhandi.illisite.info\/","name":"Sport et handicap","description":"","potentialAction":[{"@type":"SearchAction","target":{"@type":"EntryPoint","urlTemplate":"http:\/\/snitemhandi.illisite.info\/?s={search_term_string}"},"query-input":{"@type":"PropertyValueSpecification","valueRequired":true,"valueName":"search_term_string"}}],"inLanguage":"fr-FR"},{"@type":"Person","@id":"http:\/\/snitemhandi.illisite.info\/#\/schema\/person\/360c22827d6c0f28dc208f1b49816082","name":"Natalie Allard","image":{"@type":"ImageObject","inLanguage":"fr-FR","@id":"https:\/\/secure.gravatar.com\/avatar\/4389df78a04e9945458210d635c573ab7935dbcd5881650f77f46349aa03ffe4?s=96&d=mm&r=g","url":"https:\/\/secure.gravatar.com\/avatar\/4389df78a04e9945458210d635c573ab7935dbcd5881650f77f46349aa03ffe4?s=96&d=mm&r=g","contentUrl":"https:\/\/secure.gravatar.com\/avatar\/4389df78a04e9945458210d635c573ab7935dbcd5881650f77f46349aa03ffe4?s=96&d=mm&r=g","caption":"Natalie Allard"},"url":"https:\/\/www.snitem.fr\/sport-et-handicap\/author\/natalie-allardsnitem-fr\/"}]}},"_links":{"self":[{"href":"https:\/\/www.snitem.fr\/sport-et-handicap\/wp-json\/wp\/v2\/posts\/384","targetHints":{"allow":["GET"]}}],"collection":[{"href":"https:\/\/www.snitem.fr\/sport-et-handicap\/wp-json\/wp\/v2\/posts"}],"about":[{"href":"https:\/\/www.snitem.fr\/sport-et-handicap\/wp-json\/wp\/v2\/types\/post"}],"author":[{"embeddable":true,"href":"https:\/\/www.snitem.fr\/sport-et-handicap\/wp-json\/wp\/v2\/users\/2"}],"replies":[{"embeddable":true,"href":"https:\/\/www.snitem.fr\/sport-et-handicap\/wp-json\/wp\/v2\/comments?post=384"}],"version-history":[{"count":4,"href":"https:\/\/www.snitem.fr\/sport-et-handicap\/wp-json\/wp\/v2\/posts\/384\/revisions"}],"predecessor-version":[{"id":399,"href":"https:\/\/www.snitem.fr\/sport-et-handicap\/wp-json\/wp\/v2\/posts\/384\/revisions\/399"}],"wp:featuredmedia":[{"embeddable":true,"href":"https:\/\/www.snitem.fr\/sport-et-handicap\/wp-json\/wp\/v2\/media\/401"}],"wp:attachment":[{"href":"https:\/\/www.snitem.fr\/sport-et-handicap\/wp-json\/wp\/v2\/media?parent=384"}],"wp:term":[{"taxonomy":"category","embeddable":true,"href":"https:\/\/www.snitem.fr\/sport-et-handicap\/wp-json\/wp\/v2\/categories?post=384"},{"taxonomy":"post_tag","embeddable":true,"href":"https:\/\/www.snitem.fr\/sport-et-handicap\/wp-json\/wp\/v2\/tags?post=384"}],"curies":[{"name":"wp","href":"https:\/\/api.w.org\/{rel}","templated":true}]}}