{"id":404,"date":"2023-07-20T16:38:12","date_gmt":"2023-07-20T14:38:12","guid":{"rendered":"https:\/\/www.snitem.fr\/sport-et-handicap\/?p=404"},"modified":"2023-07-21T15:20:30","modified_gmt":"2023-07-21T13:20:30","slug":"nicolas-brignone-chez-karl-storz","status":"publish","type":"post","link":"https:\/\/www.snitem.fr\/sport-et-handicap\/2023\/07\/20\/nicolas-brignone-chez-karl-storz\/","title":{"rendered":"Nicolas Brignone chez Karl Storz !"},"content":{"rendered":"\n<p><strong><a href=\"https:\/\/www.karlstorz.com\/fr\/fr\/index.htm\" target=\"_blank\" rel=\"noreferrer noopener\">Karl Storz<\/a>,<\/strong> partenaire Or du programme Sport &amp; Handicap <em>by Snitem<\/em> a re\u00e7u <strong>Nicolas Brignone, sportif multi-m\u00e9daill\u00e9<\/strong> de para-athl\u00e9tisme. Une belle journ\u00e9e rythm\u00e9e par des moments conviviaux et une conf\u00e9rence de Nicolas : l&rsquo;occasion de d\u00e9couvrir son histoire, ses passions et sa vie de para-athl\u00e8te. <\/p>\n\n\n\n<figure class=\"wp-block-embed is-type-video is-provider-vimeo wp-block-embed-vimeo\"><div class=\"wp-block-embed__wrapper\">\n<iframe loading=\"lazy\" title=\"Nicolas Brignone chez Karl Storz\" src=\"https:\/\/player.vimeo.com\/video\/847005832?dnt=1&amp;app_id=122963\" width=\"1140\" height=\"641\" frameborder=\"0\" allow=\"autoplay; fullscreen; picture-in-picture\" allowfullscreen><\/iframe>\n<\/div><\/figure>\n","protected":false},"excerpt":{"rendered":"<p>Karl Storz, partenaire Or du programme Sport &amp; Handicap by Snitem a re\u00e7u Nicolas Brignone, sportif multi-m\u00e9daill\u00e9 de para-athl\u00e9tisme. Une belle journ\u00e9e rythm\u00e9e par des moments conviviaux et une conf\u00e9rence de Nicolas : l&rsquo;occasion de d\u00e9couvrir son histoire, ses passions et sa vie de para-athl\u00e8te.<\/p>\n","protected":false},"author":2,"featured_media":416,"comment_status":"open","ping_status":"open","sticky":false,"template":"","format":"standard","meta":{"_acf_changed":false,"footnotes":""},"categories":[1],"tags":[],"class_list":["post-404","post","type-post","status-publish","format-standard","has-post-thumbnail","hentry","category-non-classe"],"acf":[],"yoast_head":"<!-- This site is optimized with the Yoast SEO plugin v27.5 - https:\/\/yoast.com\/product\/yoast-seo-wordpress\/ -->\n<title>Nicolas Brignone chez Karl Storz ! - Sport et handicap<\/title>\n<meta name=\"robots\" content=\"index, follow, max-snippet:-1, max-image-preview:large, max-video-preview:-1\" \/>\n<link rel=\"canonical\" href=\"https:\/\/www.snitem.fr\/sport-et-handicap\/2023\/07\/20\/nicolas-brignone-chez-karl-storz\/\" \/>\n<meta property=\"og:locale\" content=\"fr_FR\" \/>\n<meta property=\"og:type\" content=\"article\" \/>\n<meta property=\"og:title\" content=\"Nicolas Brignone chez Karl Storz ! - Sport et handicap\" \/>\n<meta property=\"og:description\" content=\"Karl Storz, partenaire Or du programme Sport &amp; Handicap by Snitem a re\u00e7u Nicolas Brignone, sportif multi-m\u00e9daill\u00e9 de para-athl\u00e9tisme. Une belle journ\u00e9e rythm\u00e9e par des moments conviviaux et une conf\u00e9rence de Nicolas : l&rsquo;occasion de d\u00e9couvrir son histoire, ses passions et sa vie de para-athl\u00e8te.\" \/>\n<meta property=\"og:url\" content=\"https:\/\/www.snitem.fr\/sport-et-handicap\/2023\/07\/20\/nicolas-brignone-chez-karl-storz\/\" \/>\n<meta property=\"og:site_name\" content=\"Sport et handicap\" \/>\n<meta property=\"article:published_time\" content=\"2023-07-20T14:38:12+00:00\" \/>\n<meta property=\"article:modified_time\" content=\"2023-07-21T13:20:30+00:00\" \/>\n<meta property=\"og:image\" content=\"https:\/\/www.snitem.fr\/sport-et-handicap\/wp-content\/uploads\/2023\/07\/Visite-Storz.png\" \/>\n\t<meta property=\"og:image:width\" content=\"300\" \/>\n\t<meta property=\"og:image:height\" content=\"200\" \/>\n\t<meta property=\"og:image:type\" content=\"image\/png\" \/>\n<meta name=\"author\" content=\"Natalie Allard\" \/>\n<meta name=\"twitter:card\" content=\"summary_large_image\" \/>\n<meta name=\"twitter:label1\" content=\"\u00c9crit par\" \/>\n\t<meta name=\"twitter:data1\" content=\"Natalie Allard\" \/>\n\t<meta name=\"twitter:label2\" content=\"Dur\u00e9e de lecture estim\u00e9e\" \/>\n\t<meta name=\"twitter:data2\" content=\"1 minute\" \/>\n<script type=\"application\/ld+json\" class=\"yoast-schema-graph\">{\"@context\":\"https:\\\/\\\/schema.org\",\"@graph\":[{\"@type\":\"Article\",\"@id\":\"https:\\\/\\\/www.snitem.fr\\\/sport-et-handicap\\\/2023\\\/07\\\/20\\\/nicolas-brignone-chez-karl-storz\\\/#article\",\"isPartOf\":{\"@id\":\"https:\\\/\\\/www.snitem.fr\\\/sport-et-handicap\\\/2023\\\/07\\\/20\\\/nicolas-brignone-chez-karl-storz\\\/\"},\"author\":{\"name\":\"Natalie Allard\",\"@id\":\"http:\\\/\\\/snitemhandi.illisite.info\\\/#\\\/schema\\\/person\\\/360c22827d6c0f28dc208f1b49816082\"},\"headline\":\"Nicolas Brignone chez Karl Storz !\",\"datePublished\":\"2023-07-20T14:38:12+00:00\",\"dateModified\":\"2023-07-21T13:20:30+00:00\",\"mainEntityOfPage\":{\"@id\":\"https:\\\/\\\/www.snitem.fr\\\/sport-et-handicap\\\/2023\\\/07\\\/20\\\/nicolas-brignone-chez-karl-storz\\\/\"},\"wordCount\":67,\"commentCount\":0,\"image\":{\"@id\":\"https:\\\/\\\/www.snitem.fr\\\/sport-et-handicap\\\/2023\\\/07\\\/20\\\/nicolas-brignone-chez-karl-storz\\\/#primaryimage\"},\"thumbnailUrl\":\"https:\\\/\\\/www.snitem.fr\\\/sport-et-handicap\\\/wp-content\\\/uploads\\\/2023\\\/07\\\/Visite-Storz.png\",\"inLanguage\":\"fr-FR\",\"potentialAction\":[{\"@type\":\"CommentAction\",\"name\":\"Comment\",\"target\":[\"https:\\\/\\\/www.snitem.fr\\\/sport-et-handicap\\\/2023\\\/07\\\/20\\\/nicolas-brignone-chez-karl-storz\\\/#respond\"]}]},{\"@type\":\"WebPage\",\"@id\":\"https:\\\/\\\/www.snitem.fr\\\/sport-et-handicap\\\/2023\\\/07\\\/20\\\/nicolas-brignone-chez-karl-storz\\\/\",\"url\":\"https:\\\/\\\/www.snitem.fr\\\/sport-et-handicap\\\/2023\\\/07\\\/20\\\/nicolas-brignone-chez-karl-storz\\\/\",\"name\":\"Nicolas Brignone chez Karl Storz ! - Sport et handicap\",\"isPartOf\":{\"@id\":\"http:\\\/\\\/snitemhandi.illisite.info\\\/#website\"},\"primaryImageOfPage\":{\"@id\":\"https:\\\/\\\/www.snitem.fr\\\/sport-et-handicap\\\/2023\\\/07\\\/20\\\/nicolas-brignone-chez-karl-storz\\\/#primaryimage\"},\"image\":{\"@id\":\"https:\\\/\\\/www.snitem.fr\\\/sport-et-handicap\\\/2023\\\/07\\\/20\\\/nicolas-brignone-chez-karl-storz\\\/#primaryimage\"},\"thumbnailUrl\":\"https:\\\/\\\/www.snitem.fr\\\/sport-et-handicap\\\/wp-content\\\/uploads\\\/2023\\\/07\\\/Visite-Storz.png\",\"datePublished\":\"2023-07-20T14:38:12+00:00\",\"dateModified\":\"2023-07-21T13:20:30+00:00\",\"author\":{\"@id\":\"http:\\\/\\\/snitemhandi.illisite.info\\\/#\\\/schema\\\/person\\\/360c22827d6c0f28dc208f1b49816082\"},\"breadcrumb\":{\"@id\":\"https:\\\/\\\/www.snitem.fr\\\/sport-et-handicap\\\/2023\\\/07\\\/20\\\/nicolas-brignone-chez-karl-storz\\\/#breadcrumb\"},\"inLanguage\":\"fr-FR\",\"potentialAction\":[{\"@type\":\"ReadAction\",\"target\":[\"https:\\\/\\\/www.snitem.fr\\\/sport-et-handicap\\\/2023\\\/07\\\/20\\\/nicolas-brignone-chez-karl-storz\\\/\"]}]},{\"@type\":\"ImageObject\",\"inLanguage\":\"fr-FR\",\"@id\":\"https:\\\/\\\/www.snitem.fr\\\/sport-et-handicap\\\/2023\\\/07\\\/20\\\/nicolas-brignone-chez-karl-storz\\\/#primaryimage\",\"url\":\"https:\\\/\\\/www.snitem.fr\\\/sport-et-handicap\\\/wp-content\\\/uploads\\\/2023\\\/07\\\/Visite-Storz.png\",\"contentUrl\":\"https:\\\/\\\/www.snitem.fr\\\/sport-et-handicap\\\/wp-content\\\/uploads\\\/2023\\\/07\\\/Visite-Storz.png\",\"width\":300,\"height\":200},{\"@type\":\"BreadcrumbList\",\"@id\":\"https:\\\/\\\/www.snitem.fr\\\/sport-et-handicap\\\/2023\\\/07\\\/20\\\/nicolas-brignone-chez-karl-storz\\\/#breadcrumb\",\"itemListElement\":[{\"@type\":\"ListItem\",\"position\":1,\"name\":\"Accueil\",\"item\":\"https:\\\/\\\/www.snitem.fr\\\/sport-et-handicap\\\/\"},{\"@type\":\"ListItem\",\"position\":2,\"name\":\"Nicolas Brignone chez Karl Storz !\"}]},{\"@type\":\"WebSite\",\"@id\":\"http:\\\/\\\/snitemhandi.illisite.info\\\/#website\",\"url\":\"http:\\\/\\\/snitemhandi.illisite.info\\\/\",\"name\":\"Sport et handicap\",\"description\":\"\",\"potentialAction\":[{\"@type\":\"SearchAction\",\"target\":{\"@type\":\"EntryPoint\",\"urlTemplate\":\"http:\\\/\\\/snitemhandi.illisite.info\\\/?s={search_term_string}\"},\"query-input\":{\"@type\":\"PropertyValueSpecification\",\"valueRequired\":true,\"valueName\":\"search_term_string\"}}],\"inLanguage\":\"fr-FR\"},{\"@type\":\"Person\",\"@id\":\"http:\\\/\\\/snitemhandi.illisite.info\\\/#\\\/schema\\\/person\\\/360c22827d6c0f28dc208f1b49816082\",\"name\":\"Natalie Allard\",\"image\":{\"@type\":\"ImageObject\",\"inLanguage\":\"fr-FR\",\"@id\":\"https:\\\/\\\/secure.gravatar.com\\\/avatar\\\/4389df78a04e9945458210d635c573ab7935dbcd5881650f77f46349aa03ffe4?s=96&d=mm&r=g\",\"url\":\"https:\\\/\\\/secure.gravatar.com\\\/avatar\\\/4389df78a04e9945458210d635c573ab7935dbcd5881650f77f46349aa03ffe4?s=96&d=mm&r=g\",\"contentUrl\":\"https:\\\/\\\/secure.gravatar.com\\\/avatar\\\/4389df78a04e9945458210d635c573ab7935dbcd5881650f77f46349aa03ffe4?s=96&d=mm&r=g\",\"caption\":\"Natalie Allard\"},\"url\":\"https:\\\/\\\/www.snitem.fr\\\/sport-et-handicap\\\/author\\\/natalie-allardsnitem-fr\\\/\"}]}<\/script>\n<!-- \/ Yoast SEO plugin. -->","yoast_head_json":{"title":"Nicolas Brignone chez Karl Storz ! - Sport et handicap","robots":{"index":"index","follow":"follow","max-snippet":"max-snippet:-1","max-image-preview":"max-image-preview:large","max-video-preview":"max-video-preview:-1"},"canonical":"https:\/\/www.snitem.fr\/sport-et-handicap\/2023\/07\/20\/nicolas-brignone-chez-karl-storz\/","og_locale":"fr_FR","og_type":"article","og_title":"Nicolas Brignone chez Karl Storz ! - Sport et handicap","og_description":"Karl Storz, partenaire Or du programme Sport &amp; Handicap by Snitem a re\u00e7u Nicolas Brignone, sportif multi-m\u00e9daill\u00e9 de para-athl\u00e9tisme. Une belle journ\u00e9e rythm\u00e9e par des moments conviviaux et une conf\u00e9rence de Nicolas : l&rsquo;occasion de d\u00e9couvrir son histoire, ses passions et sa vie de para-athl\u00e8te.","og_url":"https:\/\/www.snitem.fr\/sport-et-handicap\/2023\/07\/20\/nicolas-brignone-chez-karl-storz\/","og_site_name":"Sport et handicap","article_published_time":"2023-07-20T14:38:12+00:00","article_modified_time":"2023-07-21T13:20:30+00:00","og_image":[{"width":300,"height":200,"url":"https:\/\/www.snitem.fr\/sport-et-handicap\/wp-content\/uploads\/2023\/07\/Visite-Storz.png","type":"image\/png"}],"author":"Natalie Allard","twitter_card":"summary_large_image","twitter_misc":{"\u00c9crit par":"Natalie Allard","Dur\u00e9e de lecture estim\u00e9e":"1 minute"},"schema":{"@context":"https:\/\/schema.org","@graph":[{"@type":"Article","@id":"https:\/\/www.snitem.fr\/sport-et-handicap\/2023\/07\/20\/nicolas-brignone-chez-karl-storz\/#article","isPartOf":{"@id":"https:\/\/www.snitem.fr\/sport-et-handicap\/2023\/07\/20\/nicolas-brignone-chez-karl-storz\/"},"author":{"name":"Natalie Allard","@id":"http:\/\/snitemhandi.illisite.info\/#\/schema\/person\/360c22827d6c0f28dc208f1b49816082"},"headline":"Nicolas Brignone chez Karl Storz !","datePublished":"2023-07-20T14:38:12+00:00","dateModified":"2023-07-21T13:20:30+00:00","mainEntityOfPage":{"@id":"https:\/\/www.snitem.fr\/sport-et-handicap\/2023\/07\/20\/nicolas-brignone-chez-karl-storz\/"},"wordCount":67,"commentCount":0,"image":{"@id":"https:\/\/www.snitem.fr\/sport-et-handicap\/2023\/07\/20\/nicolas-brignone-chez-karl-storz\/#primaryimage"},"thumbnailUrl":"https:\/\/www.snitem.fr\/sport-et-handicap\/wp-content\/uploads\/2023\/07\/Visite-Storz.png","inLanguage":"fr-FR","potentialAction":[{"@type":"CommentAction","name":"Comment","target":["https:\/\/www.snitem.fr\/sport-et-handicap\/2023\/07\/20\/nicolas-brignone-chez-karl-storz\/#respond"]}]},{"@type":"WebPage","@id":"https:\/\/www.snitem.fr\/sport-et-handicap\/2023\/07\/20\/nicolas-brignone-chez-karl-storz\/","url":"https:\/\/www.snitem.fr\/sport-et-handicap\/2023\/07\/20\/nicolas-brignone-chez-karl-storz\/","name":"Nicolas Brignone chez Karl Storz ! - Sport et handicap","isPartOf":{"@id":"http:\/\/snitemhandi.illisite.info\/#website"},"primaryImageOfPage":{"@id":"https:\/\/www.snitem.fr\/sport-et-handicap\/2023\/07\/20\/nicolas-brignone-chez-karl-storz\/#primaryimage"},"image":{"@id":"https:\/\/www.snitem.fr\/sport-et-handicap\/2023\/07\/20\/nicolas-brignone-chez-karl-storz\/#primaryimage"},"thumbnailUrl":"https:\/\/www.snitem.fr\/sport-et-handicap\/wp-content\/uploads\/2023\/07\/Visite-Storz.png","datePublished":"2023-07-20T14:38:12+00:00","dateModified":"2023-07-21T13:20:30+00:00","author":{"@id":"http:\/\/snitemhandi.illisite.info\/#\/schema\/person\/360c22827d6c0f28dc208f1b49816082"},"breadcrumb":{"@id":"https:\/\/www.snitem.fr\/sport-et-handicap\/2023\/07\/20\/nicolas-brignone-chez-karl-storz\/#breadcrumb"},"inLanguage":"fr-FR","potentialAction":[{"@type":"ReadAction","target":["https:\/\/www.snitem.fr\/sport-et-handicap\/2023\/07\/20\/nicolas-brignone-chez-karl-storz\/"]}]},{"@type":"ImageObject","inLanguage":"fr-FR","@id":"https:\/\/www.snitem.fr\/sport-et-handicap\/2023\/07\/20\/nicolas-brignone-chez-karl-storz\/#primaryimage","url":"https:\/\/www.snitem.fr\/sport-et-handicap\/wp-content\/uploads\/2023\/07\/Visite-Storz.png","contentUrl":"https:\/\/www.snitem.fr\/sport-et-handicap\/wp-content\/uploads\/2023\/07\/Visite-Storz.png","width":300,"height":200},{"@type":"BreadcrumbList","@id":"https:\/\/www.snitem.fr\/sport-et-handicap\/2023\/07\/20\/nicolas-brignone-chez-karl-storz\/#breadcrumb","itemListElement":[{"@type":"ListItem","position":1,"name":"Accueil","item":"https:\/\/www.snitem.fr\/sport-et-handicap\/"},{"@type":"ListItem","position":2,"name":"Nicolas Brignone chez Karl Storz !"}]},{"@type":"WebSite","@id":"http:\/\/snitemhandi.illisite.info\/#website","url":"http:\/\/snitemhandi.illisite.info\/","name":"Sport et handicap","description":"","potentialAction":[{"@type":"SearchAction","target":{"@type":"EntryPoint","urlTemplate":"http:\/\/snitemhandi.illisite.info\/?s={search_term_string}"},"query-input":{"@type":"PropertyValueSpecification","valueRequired":true,"valueName":"search_term_string"}}],"inLanguage":"fr-FR"},{"@type":"Person","@id":"http:\/\/snitemhandi.illisite.info\/#\/schema\/person\/360c22827d6c0f28dc208f1b49816082","name":"Natalie Allard","image":{"@type":"ImageObject","inLanguage":"fr-FR","@id":"https:\/\/secure.gravatar.com\/avatar\/4389df78a04e9945458210d635c573ab7935dbcd5881650f77f46349aa03ffe4?s=96&d=mm&r=g","url":"https:\/\/secure.gravatar.com\/avatar\/4389df78a04e9945458210d635c573ab7935dbcd5881650f77f46349aa03ffe4?s=96&d=mm&r=g","contentUrl":"https:\/\/secure.gravatar.com\/avatar\/4389df78a04e9945458210d635c573ab7935dbcd5881650f77f46349aa03ffe4?s=96&d=mm&r=g","caption":"Natalie Allard"},"url":"https:\/\/www.snitem.fr\/sport-et-handicap\/author\/natalie-allardsnitem-fr\/"}]}},"_links":{"self":[{"href":"https:\/\/www.snitem.fr\/sport-et-handicap\/wp-json\/wp\/v2\/posts\/404","targetHints":{"allow":["GET"]}}],"collection":[{"href":"https:\/\/www.snitem.fr\/sport-et-handicap\/wp-json\/wp\/v2\/posts"}],"about":[{"href":"https:\/\/www.snitem.fr\/sport-et-handicap\/wp-json\/wp\/v2\/types\/post"}],"author":[{"embeddable":true,"href":"https:\/\/www.snitem.fr\/sport-et-handicap\/wp-json\/wp\/v2\/users\/2"}],"replies":[{"embeddable":true,"href":"https:\/\/www.snitem.fr\/sport-et-handicap\/wp-json\/wp\/v2\/comments?post=404"}],"version-history":[{"count":7,"href":"https:\/\/www.snitem.fr\/sport-et-handicap\/wp-json\/wp\/v2\/posts\/404\/revisions"}],"predecessor-version":[{"id":419,"href":"https:\/\/www.snitem.fr\/sport-et-handicap\/wp-json\/wp\/v2\/posts\/404\/revisions\/419"}],"wp:featuredmedia":[{"embeddable":true,"href":"https:\/\/www.snitem.fr\/sport-et-handicap\/wp-json\/wp\/v2\/media\/416"}],"wp:attachment":[{"href":"https:\/\/www.snitem.fr\/sport-et-handicap\/wp-json\/wp\/v2\/media?parent=404"}],"wp:term":[{"taxonomy":"category","embeddable":true,"href":"https:\/\/www.snitem.fr\/sport-et-handicap\/wp-json\/wp\/v2\/categories?post=404"},{"taxonomy":"post_tag","embeddable":true,"href":"https:\/\/www.snitem.fr\/sport-et-handicap\/wp-json\/wp\/v2\/tags?post=404"}],"curies":[{"name":"wp","href":"https:\/\/api.w.org\/{rel}","templated":true}]}}