{"id":484,"date":"2024-06-17T18:03:35","date_gmt":"2024-06-17T16:03:35","guid":{"rendered":"https:\/\/www.snitem.fr\/sport-et-handicap\/?p=484"},"modified":"2024-06-17T18:11:25","modified_gmt":"2024-06-17T16:11:25","slug":"peters-partage-lentrainement-de-charlotte-fairbank","status":"publish","type":"post","link":"https:\/\/www.snitem.fr\/sport-et-handicap\/2024\/06\/17\/peters-partage-lentrainement-de-charlotte-fairbank\/","title":{"rendered":"Peters partage l&rsquo;entrainement de Charlotte Fairbank"},"content":{"rendered":"\n<p>Les \u00e9quipes de Peters Surgical, sponsor du Programme Sport et Handicap <em>by Snitem<\/em>, ont partag\u00e9 une exp\u00e9rience incroyable avec Charlotte Fairbank, athl\u00e8te tennis fauteuil. Ils ont assist\u00e9 \u00e0 son entrainement \u00e0 Roland Garros et ont \u00e9t\u00e9 initi\u00e9 au tennis fauteuil !<\/p>\n\n\n\n<figure class=\"wp-block-video\"><video height=\"540\" style=\"aspect-ratio: 960 \/ 540;\" width=\"960\" controls src=\"https:\/\/www.snitem.fr\/sport-et-handicap\/wp-content\/uploads\/2024\/06\/charlotte_fairbank_et_peters_-_roland_garros_-_avril_2024-540p.mp4\"><\/video><\/figure>\n","protected":false},"excerpt":{"rendered":"<p>Les \u00e9quipes de Peters Surgical, sponsor du Programme Sport et Handicap by Snitem, ont partag\u00e9 une exp\u00e9rience incroyable avec Charlotte Fairbank, athl\u00e8te tennis fauteuil. Ils ont assist\u00e9 \u00e0 son entrainement \u00e0 Roland Garros et ont \u00e9t\u00e9 initi\u00e9 au tennis fauteuil !<\/p>\n","protected":false},"author":2,"featured_media":487,"comment_status":"open","ping_status":"open","sticky":false,"template":"","format":"standard","meta":{"_acf_changed":false,"footnotes":""},"categories":[1],"tags":[],"class_list":["post-484","post","type-post","status-publish","format-standard","has-post-thumbnail","hentry","category-non-classe"],"acf":[],"yoast_head":"<!-- This site is optimized with the Yoast SEO plugin v27.5 - https:\/\/yoast.com\/product\/yoast-seo-wordpress\/ -->\n<title>Peters partage l&#039;entrainement de Charlotte Fairbank - Sport et handicap<\/title>\n<meta name=\"robots\" content=\"index, follow, max-snippet:-1, max-image-preview:large, max-video-preview:-1\" \/>\n<link rel=\"canonical\" href=\"https:\/\/www.snitem.fr\/sport-et-handicap\/2024\/06\/17\/peters-partage-lentrainement-de-charlotte-fairbank\/\" \/>\n<meta property=\"og:locale\" content=\"fr_FR\" \/>\n<meta property=\"og:type\" content=\"article\" \/>\n<meta property=\"og:title\" content=\"Peters partage l&#039;entrainement de Charlotte Fairbank - Sport et handicap\" \/>\n<meta property=\"og:description\" content=\"Les \u00e9quipes de Peters Surgical, sponsor du Programme Sport et Handicap by Snitem, ont partag\u00e9 une exp\u00e9rience incroyable avec Charlotte Fairbank, athl\u00e8te tennis fauteuil. Ils ont assist\u00e9 \u00e0 son entrainement \u00e0 Roland Garros et ont \u00e9t\u00e9 initi\u00e9 au tennis fauteuil !\" \/>\n<meta property=\"og:url\" content=\"https:\/\/www.snitem.fr\/sport-et-handicap\/2024\/06\/17\/peters-partage-lentrainement-de-charlotte-fairbank\/\" \/>\n<meta property=\"og:site_name\" content=\"Sport et handicap\" \/>\n<meta property=\"article:published_time\" content=\"2024-06-17T16:03:35+00:00\" \/>\n<meta property=\"article:modified_time\" content=\"2024-06-17T16:11:25+00:00\" \/>\n<meta property=\"og:image\" content=\"https:\/\/www.snitem.fr\/sport-et-handicap\/wp-content\/uploads\/2024\/06\/thumb23-1.jpg\" \/>\n\t<meta property=\"og:image:width\" content=\"1920\" \/>\n\t<meta property=\"og:image:height\" content=\"1080\" \/>\n\t<meta property=\"og:image:type\" content=\"image\/jpeg\" \/>\n<meta name=\"author\" content=\"Natalie Allard\" \/>\n<meta name=\"twitter:card\" content=\"summary_large_image\" \/>\n<meta name=\"twitter:label1\" content=\"\u00c9crit par\" \/>\n\t<meta name=\"twitter:data1\" content=\"Natalie Allard\" \/>\n\t<meta name=\"twitter:label2\" content=\"Dur\u00e9e de lecture estim\u00e9e\" \/>\n\t<meta name=\"twitter:data2\" content=\"1 minute\" \/>\n<script type=\"application\/ld+json\" class=\"yoast-schema-graph\">{\"@context\":\"https:\\\/\\\/schema.org\",\"@graph\":[{\"@type\":\"Article\",\"@id\":\"https:\\\/\\\/www.snitem.fr\\\/sport-et-handicap\\\/2024\\\/06\\\/17\\\/peters-partage-lentrainement-de-charlotte-fairbank\\\/#article\",\"isPartOf\":{\"@id\":\"https:\\\/\\\/www.snitem.fr\\\/sport-et-handicap\\\/2024\\\/06\\\/17\\\/peters-partage-lentrainement-de-charlotte-fairbank\\\/\"},\"author\":{\"name\":\"Natalie Allard\",\"@id\":\"http:\\\/\\\/snitemhandi.illisite.info\\\/#\\\/schema\\\/person\\\/360c22827d6c0f28dc208f1b49816082\"},\"headline\":\"Peters partage l&rsquo;entrainement de Charlotte Fairbank\",\"datePublished\":\"2024-06-17T16:03:35+00:00\",\"dateModified\":\"2024-06-17T16:11:25+00:00\",\"mainEntityOfPage\":{\"@id\":\"https:\\\/\\\/www.snitem.fr\\\/sport-et-handicap\\\/2024\\\/06\\\/17\\\/peters-partage-lentrainement-de-charlotte-fairbank\\\/\"},\"wordCount\":47,\"commentCount\":0,\"image\":{\"@id\":\"https:\\\/\\\/www.snitem.fr\\\/sport-et-handicap\\\/2024\\\/06\\\/17\\\/peters-partage-lentrainement-de-charlotte-fairbank\\\/#primaryimage\"},\"thumbnailUrl\":\"https:\\\/\\\/www.snitem.fr\\\/sport-et-handicap\\\/wp-content\\\/uploads\\\/2024\\\/06\\\/thumb23-1.jpg\",\"inLanguage\":\"fr-FR\",\"potentialAction\":[{\"@type\":\"CommentAction\",\"name\":\"Comment\",\"target\":[\"https:\\\/\\\/www.snitem.fr\\\/sport-et-handicap\\\/2024\\\/06\\\/17\\\/peters-partage-lentrainement-de-charlotte-fairbank\\\/#respond\"]}]},{\"@type\":\"WebPage\",\"@id\":\"https:\\\/\\\/www.snitem.fr\\\/sport-et-handicap\\\/2024\\\/06\\\/17\\\/peters-partage-lentrainement-de-charlotte-fairbank\\\/\",\"url\":\"https:\\\/\\\/www.snitem.fr\\\/sport-et-handicap\\\/2024\\\/06\\\/17\\\/peters-partage-lentrainement-de-charlotte-fairbank\\\/\",\"name\":\"Peters partage l'entrainement de Charlotte Fairbank - Sport et handicap\",\"isPartOf\":{\"@id\":\"http:\\\/\\\/snitemhandi.illisite.info\\\/#website\"},\"primaryImageOfPage\":{\"@id\":\"https:\\\/\\\/www.snitem.fr\\\/sport-et-handicap\\\/2024\\\/06\\\/17\\\/peters-partage-lentrainement-de-charlotte-fairbank\\\/#primaryimage\"},\"image\":{\"@id\":\"https:\\\/\\\/www.snitem.fr\\\/sport-et-handicap\\\/2024\\\/06\\\/17\\\/peters-partage-lentrainement-de-charlotte-fairbank\\\/#primaryimage\"},\"thumbnailUrl\":\"https:\\\/\\\/www.snitem.fr\\\/sport-et-handicap\\\/wp-content\\\/uploads\\\/2024\\\/06\\\/thumb23-1.jpg\",\"datePublished\":\"2024-06-17T16:03:35+00:00\",\"dateModified\":\"2024-06-17T16:11:25+00:00\",\"author\":{\"@id\":\"http:\\\/\\\/snitemhandi.illisite.info\\\/#\\\/schema\\\/person\\\/360c22827d6c0f28dc208f1b49816082\"},\"breadcrumb\":{\"@id\":\"https:\\\/\\\/www.snitem.fr\\\/sport-et-handicap\\\/2024\\\/06\\\/17\\\/peters-partage-lentrainement-de-charlotte-fairbank\\\/#breadcrumb\"},\"inLanguage\":\"fr-FR\",\"potentialAction\":[{\"@type\":\"ReadAction\",\"target\":[\"https:\\\/\\\/www.snitem.fr\\\/sport-et-handicap\\\/2024\\\/06\\\/17\\\/peters-partage-lentrainement-de-charlotte-fairbank\\\/\"]}]},{\"@type\":\"ImageObject\",\"inLanguage\":\"fr-FR\",\"@id\":\"https:\\\/\\\/www.snitem.fr\\\/sport-et-handicap\\\/2024\\\/06\\\/17\\\/peters-partage-lentrainement-de-charlotte-fairbank\\\/#primaryimage\",\"url\":\"https:\\\/\\\/www.snitem.fr\\\/sport-et-handicap\\\/wp-content\\\/uploads\\\/2024\\\/06\\\/thumb23-1.jpg\",\"contentUrl\":\"https:\\\/\\\/www.snitem.fr\\\/sport-et-handicap\\\/wp-content\\\/uploads\\\/2024\\\/06\\\/thumb23-1.jpg\",\"width\":1920,\"height\":1080},{\"@type\":\"BreadcrumbList\",\"@id\":\"https:\\\/\\\/www.snitem.fr\\\/sport-et-handicap\\\/2024\\\/06\\\/17\\\/peters-partage-lentrainement-de-charlotte-fairbank\\\/#breadcrumb\",\"itemListElement\":[{\"@type\":\"ListItem\",\"position\":1,\"name\":\"Accueil\",\"item\":\"https:\\\/\\\/www.snitem.fr\\\/sport-et-handicap\\\/\"},{\"@type\":\"ListItem\",\"position\":2,\"name\":\"Peters partage l&rsquo;entrainement de Charlotte Fairbank\"}]},{\"@type\":\"WebSite\",\"@id\":\"http:\\\/\\\/snitemhandi.illisite.info\\\/#website\",\"url\":\"http:\\\/\\\/snitemhandi.illisite.info\\\/\",\"name\":\"Sport et handicap\",\"description\":\"\",\"potentialAction\":[{\"@type\":\"SearchAction\",\"target\":{\"@type\":\"EntryPoint\",\"urlTemplate\":\"http:\\\/\\\/snitemhandi.illisite.info\\\/?s={search_term_string}\"},\"query-input\":{\"@type\":\"PropertyValueSpecification\",\"valueRequired\":true,\"valueName\":\"search_term_string\"}}],\"inLanguage\":\"fr-FR\"},{\"@type\":\"Person\",\"@id\":\"http:\\\/\\\/snitemhandi.illisite.info\\\/#\\\/schema\\\/person\\\/360c22827d6c0f28dc208f1b49816082\",\"name\":\"Natalie Allard\",\"image\":{\"@type\":\"ImageObject\",\"inLanguage\":\"fr-FR\",\"@id\":\"https:\\\/\\\/secure.gravatar.com\\\/avatar\\\/4389df78a04e9945458210d635c573ab7935dbcd5881650f77f46349aa03ffe4?s=96&d=mm&r=g\",\"url\":\"https:\\\/\\\/secure.gravatar.com\\\/avatar\\\/4389df78a04e9945458210d635c573ab7935dbcd5881650f77f46349aa03ffe4?s=96&d=mm&r=g\",\"contentUrl\":\"https:\\\/\\\/secure.gravatar.com\\\/avatar\\\/4389df78a04e9945458210d635c573ab7935dbcd5881650f77f46349aa03ffe4?s=96&d=mm&r=g\",\"caption\":\"Natalie Allard\"},\"url\":\"https:\\\/\\\/www.snitem.fr\\\/sport-et-handicap\\\/author\\\/natalie-allardsnitem-fr\\\/\"}]}<\/script>\n<!-- \/ Yoast SEO plugin. -->","yoast_head_json":{"title":"Peters partage l'entrainement de Charlotte Fairbank - Sport et handicap","robots":{"index":"index","follow":"follow","max-snippet":"max-snippet:-1","max-image-preview":"max-image-preview:large","max-video-preview":"max-video-preview:-1"},"canonical":"https:\/\/www.snitem.fr\/sport-et-handicap\/2024\/06\/17\/peters-partage-lentrainement-de-charlotte-fairbank\/","og_locale":"fr_FR","og_type":"article","og_title":"Peters partage l'entrainement de Charlotte Fairbank - Sport et handicap","og_description":"Les \u00e9quipes de Peters Surgical, sponsor du Programme Sport et Handicap by Snitem, ont partag\u00e9 une exp\u00e9rience incroyable avec Charlotte Fairbank, athl\u00e8te tennis fauteuil. Ils ont assist\u00e9 \u00e0 son entrainement \u00e0 Roland Garros et ont \u00e9t\u00e9 initi\u00e9 au tennis fauteuil !","og_url":"https:\/\/www.snitem.fr\/sport-et-handicap\/2024\/06\/17\/peters-partage-lentrainement-de-charlotte-fairbank\/","og_site_name":"Sport et handicap","article_published_time":"2024-06-17T16:03:35+00:00","article_modified_time":"2024-06-17T16:11:25+00:00","og_image":[{"width":1920,"height":1080,"url":"https:\/\/www.snitem.fr\/sport-et-handicap\/wp-content\/uploads\/2024\/06\/thumb23-1.jpg","type":"image\/jpeg"}],"author":"Natalie Allard","twitter_card":"summary_large_image","twitter_misc":{"\u00c9crit par":"Natalie Allard","Dur\u00e9e de lecture estim\u00e9e":"1 minute"},"schema":{"@context":"https:\/\/schema.org","@graph":[{"@type":"Article","@id":"https:\/\/www.snitem.fr\/sport-et-handicap\/2024\/06\/17\/peters-partage-lentrainement-de-charlotte-fairbank\/#article","isPartOf":{"@id":"https:\/\/www.snitem.fr\/sport-et-handicap\/2024\/06\/17\/peters-partage-lentrainement-de-charlotte-fairbank\/"},"author":{"name":"Natalie Allard","@id":"http:\/\/snitemhandi.illisite.info\/#\/schema\/person\/360c22827d6c0f28dc208f1b49816082"},"headline":"Peters partage l&rsquo;entrainement de Charlotte Fairbank","datePublished":"2024-06-17T16:03:35+00:00","dateModified":"2024-06-17T16:11:25+00:00","mainEntityOfPage":{"@id":"https:\/\/www.snitem.fr\/sport-et-handicap\/2024\/06\/17\/peters-partage-lentrainement-de-charlotte-fairbank\/"},"wordCount":47,"commentCount":0,"image":{"@id":"https:\/\/www.snitem.fr\/sport-et-handicap\/2024\/06\/17\/peters-partage-lentrainement-de-charlotte-fairbank\/#primaryimage"},"thumbnailUrl":"https:\/\/www.snitem.fr\/sport-et-handicap\/wp-content\/uploads\/2024\/06\/thumb23-1.jpg","inLanguage":"fr-FR","potentialAction":[{"@type":"CommentAction","name":"Comment","target":["https:\/\/www.snitem.fr\/sport-et-handicap\/2024\/06\/17\/peters-partage-lentrainement-de-charlotte-fairbank\/#respond"]}]},{"@type":"WebPage","@id":"https:\/\/www.snitem.fr\/sport-et-handicap\/2024\/06\/17\/peters-partage-lentrainement-de-charlotte-fairbank\/","url":"https:\/\/www.snitem.fr\/sport-et-handicap\/2024\/06\/17\/peters-partage-lentrainement-de-charlotte-fairbank\/","name":"Peters partage l'entrainement de Charlotte Fairbank - Sport et handicap","isPartOf":{"@id":"http:\/\/snitemhandi.illisite.info\/#website"},"primaryImageOfPage":{"@id":"https:\/\/www.snitem.fr\/sport-et-handicap\/2024\/06\/17\/peters-partage-lentrainement-de-charlotte-fairbank\/#primaryimage"},"image":{"@id":"https:\/\/www.snitem.fr\/sport-et-handicap\/2024\/06\/17\/peters-partage-lentrainement-de-charlotte-fairbank\/#primaryimage"},"thumbnailUrl":"https:\/\/www.snitem.fr\/sport-et-handicap\/wp-content\/uploads\/2024\/06\/thumb23-1.jpg","datePublished":"2024-06-17T16:03:35+00:00","dateModified":"2024-06-17T16:11:25+00:00","author":{"@id":"http:\/\/snitemhandi.illisite.info\/#\/schema\/person\/360c22827d6c0f28dc208f1b49816082"},"breadcrumb":{"@id":"https:\/\/www.snitem.fr\/sport-et-handicap\/2024\/06\/17\/peters-partage-lentrainement-de-charlotte-fairbank\/#breadcrumb"},"inLanguage":"fr-FR","potentialAction":[{"@type":"ReadAction","target":["https:\/\/www.snitem.fr\/sport-et-handicap\/2024\/06\/17\/peters-partage-lentrainement-de-charlotte-fairbank\/"]}]},{"@type":"ImageObject","inLanguage":"fr-FR","@id":"https:\/\/www.snitem.fr\/sport-et-handicap\/2024\/06\/17\/peters-partage-lentrainement-de-charlotte-fairbank\/#primaryimage","url":"https:\/\/www.snitem.fr\/sport-et-handicap\/wp-content\/uploads\/2024\/06\/thumb23-1.jpg","contentUrl":"https:\/\/www.snitem.fr\/sport-et-handicap\/wp-content\/uploads\/2024\/06\/thumb23-1.jpg","width":1920,"height":1080},{"@type":"BreadcrumbList","@id":"https:\/\/www.snitem.fr\/sport-et-handicap\/2024\/06\/17\/peters-partage-lentrainement-de-charlotte-fairbank\/#breadcrumb","itemListElement":[{"@type":"ListItem","position":1,"name":"Accueil","item":"https:\/\/www.snitem.fr\/sport-et-handicap\/"},{"@type":"ListItem","position":2,"name":"Peters partage l&rsquo;entrainement de Charlotte Fairbank"}]},{"@type":"WebSite","@id":"http:\/\/snitemhandi.illisite.info\/#website","url":"http:\/\/snitemhandi.illisite.info\/","name":"Sport et handicap","description":"","potentialAction":[{"@type":"SearchAction","target":{"@type":"EntryPoint","urlTemplate":"http:\/\/snitemhandi.illisite.info\/?s={search_term_string}"},"query-input":{"@type":"PropertyValueSpecification","valueRequired":true,"valueName":"search_term_string"}}],"inLanguage":"fr-FR"},{"@type":"Person","@id":"http:\/\/snitemhandi.illisite.info\/#\/schema\/person\/360c22827d6c0f28dc208f1b49816082","name":"Natalie Allard","image":{"@type":"ImageObject","inLanguage":"fr-FR","@id":"https:\/\/secure.gravatar.com\/avatar\/4389df78a04e9945458210d635c573ab7935dbcd5881650f77f46349aa03ffe4?s=96&d=mm&r=g","url":"https:\/\/secure.gravatar.com\/avatar\/4389df78a04e9945458210d635c573ab7935dbcd5881650f77f46349aa03ffe4?s=96&d=mm&r=g","contentUrl":"https:\/\/secure.gravatar.com\/avatar\/4389df78a04e9945458210d635c573ab7935dbcd5881650f77f46349aa03ffe4?s=96&d=mm&r=g","caption":"Natalie Allard"},"url":"https:\/\/www.snitem.fr\/sport-et-handicap\/author\/natalie-allardsnitem-fr\/"}]}},"_links":{"self":[{"href":"https:\/\/www.snitem.fr\/sport-et-handicap\/wp-json\/wp\/v2\/posts\/484","targetHints":{"allow":["GET"]}}],"collection":[{"href":"https:\/\/www.snitem.fr\/sport-et-handicap\/wp-json\/wp\/v2\/posts"}],"about":[{"href":"https:\/\/www.snitem.fr\/sport-et-handicap\/wp-json\/wp\/v2\/types\/post"}],"author":[{"embeddable":true,"href":"https:\/\/www.snitem.fr\/sport-et-handicap\/wp-json\/wp\/v2\/users\/2"}],"replies":[{"embeddable":true,"href":"https:\/\/www.snitem.fr\/sport-et-handicap\/wp-json\/wp\/v2\/comments?post=484"}],"version-history":[{"count":3,"href":"https:\/\/www.snitem.fr\/sport-et-handicap\/wp-json\/wp\/v2\/posts\/484\/revisions"}],"predecessor-version":[{"id":492,"href":"https:\/\/www.snitem.fr\/sport-et-handicap\/wp-json\/wp\/v2\/posts\/484\/revisions\/492"}],"wp:featuredmedia":[{"embeddable":true,"href":"https:\/\/www.snitem.fr\/sport-et-handicap\/wp-json\/wp\/v2\/media\/487"}],"wp:attachment":[{"href":"https:\/\/www.snitem.fr\/sport-et-handicap\/wp-json\/wp\/v2\/media?parent=484"}],"wp:term":[{"taxonomy":"category","embeddable":true,"href":"https:\/\/www.snitem.fr\/sport-et-handicap\/wp-json\/wp\/v2\/categories?post=484"},{"taxonomy":"post_tag","embeddable":true,"href":"https:\/\/www.snitem.fr\/sport-et-handicap\/wp-json\/wp\/v2\/tags?post=484"}],"curies":[{"name":"wp","href":"https:\/\/api.w.org\/{rel}","templated":true}]}}